{"id":17030,"date":"2017-10-03T20:15:05","date_gmt":"2017-10-03T18:15:05","guid":{"rendered":"http:\/\/www.everlog.com\/uncategorized\/2018\/01\/eco-friendly-trade-show-on-september-20-21-2017\/"},"modified":"2018-01-09T20:22:24","modified_gmt":"2018-01-09T19:22:24","slug":"eco-friendly-trade-show-on-september-20-21-2017","status":"publish","type":"post","link":"https:\/\/www.everlog.com\/en\/news\/2017\/10\/eco-friendly-trade-show-on-september-20-21-2017\/","title":{"rendered":"Eco-friendly trade show on september 20-21, 2017"},"content":{"rendered":"<p class=\"p1\">For the third\u00a0year running, everlog was present at the eco-friendly trade show last september 20-21. after bordeaux (department of gironde, 33) in 2015 and saint-ch\u00e9ron (department of essonnes, 91) in 2016, this event took place in the southeast of france at v\u00e9n\u00e9rieu (department of is\u00e8re, 38). it was an opportunity for our teams not only to introduce dealer business, our business software, which is used currently by more than 250 distributors of gardening equipment, but also to discuss it issues with industry professionals.<\/p>","protected":false},"excerpt":{"rendered":"<p>For the third\u00a0year running, everlog was present at the eco-friendly trade show last september 20-21. after bordeaux (department of gironde, 33) in 2015 and saint-ch\u00e9ron (department of essonnes, 91) in 2016, this event took place in the southeast of france at v\u00e9n\u00e9rieu (department of is\u00e8re,&#8230;<\/p>\n","protected":false},"author":1,"featured_media":16838,"comment_status":"open","ping_status":"open","sticky":false,"template":"","format":"standard","meta":{"footnotes":""},"categories":[171],"tags":[],"class_list":["post-17030","post","type-post","status-publish","format-standard","has-post-thumbnail","hentry","category-news"],"yoast_head":"<!-- This site is optimized with the Yoast SEO plugin v27.1.1 - https:\/\/yoast.com\/product\/yoast-seo-wordpress\/ -->\n<title>Eco-friendly trade show on september 20-21, 2017 | Everlog<\/title>\n<meta name=\"robots\" content=\"index, follow, max-snippet:-1, max-image-preview:large, max-video-preview:-1\" \/>\n<link rel=\"canonical\" href=\"https:\/\/www.everlog.com\/en\/news\/2017\/10\/eco-friendly-trade-show-on-september-20-21-2017\/\" \/>\n<meta property=\"og:locale\" content=\"en_US\" \/>\n<meta property=\"og:type\" content=\"article\" \/>\n<meta property=\"og:title\" content=\"Eco-friendly trade show on september 20-21, 2017 | Everlog\" \/>\n<meta property=\"og:description\" content=\"For the third\u00a0year running, everlog was present at the eco-friendly trade show last september 20-21. after bordeaux (department of gironde, 33) in 2015 and saint-ch\u00e9ron (department of essonnes, 91) in 2016, this event took place in the southeast of france at v\u00e9n\u00e9rieu (department of is\u00e8re,...\" \/>\n<meta property=\"og:url\" content=\"https:\/\/www.everlog.com\/en\/news\/2017\/10\/eco-friendly-trade-show-on-september-20-21-2017\/\" \/>\n<meta property=\"og:site_name\" content=\"Everlog\" \/>\n<meta property=\"article:publisher\" content=\"https:\/\/www.facebook.com\/Everlog-451461078579657\/\" \/>\n<meta property=\"article:published_time\" content=\"2017-10-03T18:15:05+00:00\" \/>\n<meta property=\"article:modified_time\" content=\"2018-01-09T19:22:24+00:00\" \/>\n<meta property=\"og:image\" content=\"https:\/\/www.everlog.com\/wp-content\/uploads\/2017\/10\/Salon-vert-2017.jpg\" \/>\n\t<meta property=\"og:image:width\" content=\"1500\" \/>\n\t<meta property=\"og:image:height\" content=\"1125\" \/>\n\t<meta property=\"og:image:type\" content=\"image\/jpeg\" \/>\n<meta name=\"author\" content=\"contact@offensive-studio.com\" \/>\n<meta name=\"twitter:card\" content=\"summary_large_image\" \/>\n<meta name=\"twitter:label1\" content=\"Written by\" \/>\n\t<meta name=\"twitter:data1\" content=\"contact@offensive-studio.com\" \/>\n<script type=\"application\/ld+json\" class=\"yoast-schema-graph\">{\"@context\":\"https:\/\/schema.org\",\"@graph\":[{\"@type\":\"Article\",\"@id\":\"https:\/\/www.everlog.com\/en\/news\/2017\/10\/eco-friendly-trade-show-on-september-20-21-2017\/#article\",\"isPartOf\":{\"@id\":\"https:\/\/www.everlog.com\/en\/news\/2017\/10\/eco-friendly-trade-show-on-september-20-21-2017\/\"},\"author\":{\"name\":\"contact@offensive-studio.com\",\"@id\":\"https:\/\/www.everlog.com\/en\/#\/schema\/person\/21752d9311b9a4f996cba4e989e60a32\"},\"headline\":\"Eco-friendly trade show on september 20-21, 2017\",\"datePublished\":\"2017-10-03T18:15:05+00:00\",\"dateModified\":\"2018-01-09T19:22:24+00:00\",\"mainEntityOfPage\":{\"@id\":\"https:\/\/www.everlog.com\/en\/news\/2017\/10\/eco-friendly-trade-show-on-september-20-21-2017\/\"},\"wordCount\":88,\"commentCount\":0,\"publisher\":{\"@id\":\"https:\/\/www.everlog.com\/en\/#organization\"},\"image\":{\"@id\":\"https:\/\/www.everlog.com\/en\/news\/2017\/10\/eco-friendly-trade-show-on-september-20-21-2017\/#primaryimage\"},\"thumbnailUrl\":\"https:\/\/www.everlog.com\/wp-content\/uploads\/2017\/10\/Salon-vert-2017.jpg\",\"articleSection\":[\"News\"],\"inLanguage\":\"en-US\",\"potentialAction\":[{\"@type\":\"CommentAction\",\"name\":\"Comment\",\"target\":[\"https:\/\/www.everlog.com\/en\/news\/2017\/10\/eco-friendly-trade-show-on-september-20-21-2017\/#respond\"]}]},{\"@type\":\"WebPage\",\"@id\":\"https:\/\/www.everlog.com\/en\/news\/2017\/10\/eco-friendly-trade-show-on-september-20-21-2017\/\",\"url\":\"https:\/\/www.everlog.com\/en\/news\/2017\/10\/eco-friendly-trade-show-on-september-20-21-2017\/\",\"name\":\"Eco-friendly trade show on september 20-21, 2017 | Everlog\",\"isPartOf\":{\"@id\":\"https:\/\/www.everlog.com\/en\/#website\"},\"primaryImageOfPage\":{\"@id\":\"https:\/\/www.everlog.com\/en\/news\/2017\/10\/eco-friendly-trade-show-on-september-20-21-2017\/#primaryimage\"},\"image\":{\"@id\":\"https:\/\/www.everlog.com\/en\/news\/2017\/10\/eco-friendly-trade-show-on-september-20-21-2017\/#primaryimage\"},\"thumbnailUrl\":\"https:\/\/www.everlog.com\/wp-content\/uploads\/2017\/10\/Salon-vert-2017.jpg\",\"datePublished\":\"2017-10-03T18:15:05+00:00\",\"dateModified\":\"2018-01-09T19:22:24+00:00\",\"breadcrumb\":{\"@id\":\"https:\/\/www.everlog.com\/en\/news\/2017\/10\/eco-friendly-trade-show-on-september-20-21-2017\/#breadcrumb\"},\"inLanguage\":\"en-US\",\"potentialAction\":[{\"@type\":\"ReadAction\",\"target\":[\"https:\/\/www.everlog.com\/en\/news\/2017\/10\/eco-friendly-trade-show-on-september-20-21-2017\/\"]}]},{\"@type\":\"ImageObject\",\"inLanguage\":\"en-US\",\"@id\":\"https:\/\/www.everlog.com\/en\/news\/2017\/10\/eco-friendly-trade-show-on-september-20-21-2017\/#primaryimage\",\"url\":\"https:\/\/www.everlog.com\/wp-content\/uploads\/2017\/10\/Salon-vert-2017.jpg\",\"contentUrl\":\"https:\/\/www.everlog.com\/wp-content\/uploads\/2017\/10\/Salon-vert-2017.jpg\",\"width\":1500,\"height\":1125},{\"@type\":\"BreadcrumbList\",\"@id\":\"https:\/\/www.everlog.com\/en\/news\/2017\/10\/eco-friendly-trade-show-on-september-20-21-2017\/#breadcrumb\",\"itemListElement\":[{\"@type\":\"ListItem\",\"position\":1,\"name\":\"Accueil\",\"item\":\"https:\/\/www.everlog.com\/en\/\"},{\"@type\":\"ListItem\",\"position\":2,\"name\":\"Eco-friendly trade show on september 20-21, 2017\"}]},{\"@type\":\"WebSite\",\"@id\":\"https:\/\/www.everlog.com\/en\/#website\",\"url\":\"https:\/\/www.everlog.com\/en\/\",\"name\":\"Everlog\",\"description\":\"Editeur de DMS connect\u00e9s\",\"publisher\":{\"@id\":\"https:\/\/www.everlog.com\/en\/#organization\"},\"potentialAction\":[{\"@type\":\"SearchAction\",\"target\":{\"@type\":\"EntryPoint\",\"urlTemplate\":\"https:\/\/www.everlog.com\/en\/?s={search_term_string}\"},\"query-input\":{\"@type\":\"PropertyValueSpecification\",\"valueRequired\":true,\"valueName\":\"search_term_string\"}}],\"inLanguage\":\"en-US\"},{\"@type\":\"Organization\",\"@id\":\"https:\/\/www.everlog.com\/en\/#organization\",\"name\":\"Everlog\",\"url\":\"https:\/\/www.everlog.com\/en\/\",\"logo\":{\"@type\":\"ImageObject\",\"inLanguage\":\"en-US\",\"@id\":\"https:\/\/www.everlog.com\/en\/#\/schema\/logo\/image\/\",\"url\":\"https:\/\/www.everlog.com\/wp-content\/uploads\/2017\/09\/Everlog-logo_180px.png\",\"contentUrl\":\"https:\/\/www.everlog.com\/wp-content\/uploads\/2017\/09\/Everlog-logo_180px.png\",\"width\":181,\"height\":44,\"caption\":\"Everlog\"},\"image\":{\"@id\":\"https:\/\/www.everlog.com\/en\/#\/schema\/logo\/image\/\"},\"sameAs\":[\"https:\/\/www.facebook.com\/Everlog-451461078579657\/\",\"https:\/\/www.linkedin.com\/company\/5207241\/\",\"https:\/\/www.youtube.com\/channel\/UCOytVv7kRkKq_SAFWufWgzw\"]},{\"@type\":\"Person\",\"@id\":\"https:\/\/www.everlog.com\/en\/#\/schema\/person\/21752d9311b9a4f996cba4e989e60a32\",\"name\":\"contact@offensive-studio.com\",\"image\":{\"@type\":\"ImageObject\",\"inLanguage\":\"en-US\",\"@id\":\"https:\/\/www.everlog.com\/en\/#\/schema\/person\/image\/\",\"url\":\"https:\/\/secure.gravatar.com\/avatar\/bb28badd8a364826e5cca382674937dcb66bad636c11c8b50be4701e3b40b989?s=96&d=mm&r=g\",\"contentUrl\":\"https:\/\/secure.gravatar.com\/avatar\/bb28badd8a364826e5cca382674937dcb66bad636c11c8b50be4701e3b40b989?s=96&d=mm&r=g\",\"caption\":\"contact@offensive-studio.com\"}}]}<\/script>\n<!-- \/ Yoast SEO plugin. -->","yoast_head_json":{"title":"Eco-friendly trade show on september 20-21, 2017 | Everlog","robots":{"index":"index","follow":"follow","max-snippet":"max-snippet:-1","max-image-preview":"max-image-preview:large","max-video-preview":"max-video-preview:-1"},"canonical":"https:\/\/www.everlog.com\/en\/news\/2017\/10\/eco-friendly-trade-show-on-september-20-21-2017\/","og_locale":"en_US","og_type":"article","og_title":"Eco-friendly trade show on september 20-21, 2017 | Everlog","og_description":"For the third\u00a0year running, everlog was present at the eco-friendly trade show last september 20-21. after bordeaux (department of gironde, 33) in 2015 and saint-ch\u00e9ron (department of essonnes, 91) in 2016, this event took place in the southeast of france at v\u00e9n\u00e9rieu (department of is\u00e8re,...","og_url":"https:\/\/www.everlog.com\/en\/news\/2017\/10\/eco-friendly-trade-show-on-september-20-21-2017\/","og_site_name":"Everlog","article_publisher":"https:\/\/www.facebook.com\/Everlog-451461078579657\/","article_published_time":"2017-10-03T18:15:05+00:00","article_modified_time":"2018-01-09T19:22:24+00:00","og_image":[{"width":1500,"height":1125,"url":"https:\/\/www.everlog.com\/wp-content\/uploads\/2017\/10\/Salon-vert-2017.jpg","type":"image\/jpeg"}],"author":"contact@offensive-studio.com","twitter_card":"summary_large_image","twitter_misc":{"Written by":"contact@offensive-studio.com"},"schema":{"@context":"https:\/\/schema.org","@graph":[{"@type":"Article","@id":"https:\/\/www.everlog.com\/en\/news\/2017\/10\/eco-friendly-trade-show-on-september-20-21-2017\/#article","isPartOf":{"@id":"https:\/\/www.everlog.com\/en\/news\/2017\/10\/eco-friendly-trade-show-on-september-20-21-2017\/"},"author":{"name":"contact@offensive-studio.com","@id":"https:\/\/www.everlog.com\/en\/#\/schema\/person\/21752d9311b9a4f996cba4e989e60a32"},"headline":"Eco-friendly trade show on september 20-21, 2017","datePublished":"2017-10-03T18:15:05+00:00","dateModified":"2018-01-09T19:22:24+00:00","mainEntityOfPage":{"@id":"https:\/\/www.everlog.com\/en\/news\/2017\/10\/eco-friendly-trade-show-on-september-20-21-2017\/"},"wordCount":88,"commentCount":0,"publisher":{"@id":"https:\/\/www.everlog.com\/en\/#organization"},"image":{"@id":"https:\/\/www.everlog.com\/en\/news\/2017\/10\/eco-friendly-trade-show-on-september-20-21-2017\/#primaryimage"},"thumbnailUrl":"https:\/\/www.everlog.com\/wp-content\/uploads\/2017\/10\/Salon-vert-2017.jpg","articleSection":["News"],"inLanguage":"en-US","potentialAction":[{"@type":"CommentAction","name":"Comment","target":["https:\/\/www.everlog.com\/en\/news\/2017\/10\/eco-friendly-trade-show-on-september-20-21-2017\/#respond"]}]},{"@type":"WebPage","@id":"https:\/\/www.everlog.com\/en\/news\/2017\/10\/eco-friendly-trade-show-on-september-20-21-2017\/","url":"https:\/\/www.everlog.com\/en\/news\/2017\/10\/eco-friendly-trade-show-on-september-20-21-2017\/","name":"Eco-friendly trade show on september 20-21, 2017 | Everlog","isPartOf":{"@id":"https:\/\/www.everlog.com\/en\/#website"},"primaryImageOfPage":{"@id":"https:\/\/www.everlog.com\/en\/news\/2017\/10\/eco-friendly-trade-show-on-september-20-21-2017\/#primaryimage"},"image":{"@id":"https:\/\/www.everlog.com\/en\/news\/2017\/10\/eco-friendly-trade-show-on-september-20-21-2017\/#primaryimage"},"thumbnailUrl":"https:\/\/www.everlog.com\/wp-content\/uploads\/2017\/10\/Salon-vert-2017.jpg","datePublished":"2017-10-03T18:15:05+00:00","dateModified":"2018-01-09T19:22:24+00:00","breadcrumb":{"@id":"https:\/\/www.everlog.com\/en\/news\/2017\/10\/eco-friendly-trade-show-on-september-20-21-2017\/#breadcrumb"},"inLanguage":"en-US","potentialAction":[{"@type":"ReadAction","target":["https:\/\/www.everlog.com\/en\/news\/2017\/10\/eco-friendly-trade-show-on-september-20-21-2017\/"]}]},{"@type":"ImageObject","inLanguage":"en-US","@id":"https:\/\/www.everlog.com\/en\/news\/2017\/10\/eco-friendly-trade-show-on-september-20-21-2017\/#primaryimage","url":"https:\/\/www.everlog.com\/wp-content\/uploads\/2017\/10\/Salon-vert-2017.jpg","contentUrl":"https:\/\/www.everlog.com\/wp-content\/uploads\/2017\/10\/Salon-vert-2017.jpg","width":1500,"height":1125},{"@type":"BreadcrumbList","@id":"https:\/\/www.everlog.com\/en\/news\/2017\/10\/eco-friendly-trade-show-on-september-20-21-2017\/#breadcrumb","itemListElement":[{"@type":"ListItem","position":1,"name":"Accueil","item":"https:\/\/www.everlog.com\/en\/"},{"@type":"ListItem","position":2,"name":"Eco-friendly trade show on september 20-21, 2017"}]},{"@type":"WebSite","@id":"https:\/\/www.everlog.com\/en\/#website","url":"https:\/\/www.everlog.com\/en\/","name":"Everlog","description":"Editeur de DMS connect\u00e9s","publisher":{"@id":"https:\/\/www.everlog.com\/en\/#organization"},"potentialAction":[{"@type":"SearchAction","target":{"@type":"EntryPoint","urlTemplate":"https:\/\/www.everlog.com\/en\/?s={search_term_string}"},"query-input":{"@type":"PropertyValueSpecification","valueRequired":true,"valueName":"search_term_string"}}],"inLanguage":"en-US"},{"@type":"Organization","@id":"https:\/\/www.everlog.com\/en\/#organization","name":"Everlog","url":"https:\/\/www.everlog.com\/en\/","logo":{"@type":"ImageObject","inLanguage":"en-US","@id":"https:\/\/www.everlog.com\/en\/#\/schema\/logo\/image\/","url":"https:\/\/www.everlog.com\/wp-content\/uploads\/2017\/09\/Everlog-logo_180px.png","contentUrl":"https:\/\/www.everlog.com\/wp-content\/uploads\/2017\/09\/Everlog-logo_180px.png","width":181,"height":44,"caption":"Everlog"},"image":{"@id":"https:\/\/www.everlog.com\/en\/#\/schema\/logo\/image\/"},"sameAs":["https:\/\/www.facebook.com\/Everlog-451461078579657\/","https:\/\/www.linkedin.com\/company\/5207241\/","https:\/\/www.youtube.com\/channel\/UCOytVv7kRkKq_SAFWufWgzw"]},{"@type":"Person","@id":"https:\/\/www.everlog.com\/en\/#\/schema\/person\/21752d9311b9a4f996cba4e989e60a32","name":"contact@offensive-studio.com","image":{"@type":"ImageObject","inLanguage":"en-US","@id":"https:\/\/www.everlog.com\/en\/#\/schema\/person\/image\/","url":"https:\/\/secure.gravatar.com\/avatar\/bb28badd8a364826e5cca382674937dcb66bad636c11c8b50be4701e3b40b989?s=96&d=mm&r=g","contentUrl":"https:\/\/secure.gravatar.com\/avatar\/bb28badd8a364826e5cca382674937dcb66bad636c11c8b50be4701e3b40b989?s=96&d=mm&r=g","caption":"contact@offensive-studio.com"}}]}},"_links":{"self":[{"href":"https:\/\/www.everlog.com\/en\/wp-json\/wp\/v2\/posts\/17030","targetHints":{"allow":["GET"]}}],"collection":[{"href":"https:\/\/www.everlog.com\/en\/wp-json\/wp\/v2\/posts"}],"about":[{"href":"https:\/\/www.everlog.com\/en\/wp-json\/wp\/v2\/types\/post"}],"author":[{"embeddable":true,"href":"https:\/\/www.everlog.com\/en\/wp-json\/wp\/v2\/users\/1"}],"replies":[{"embeddable":true,"href":"https:\/\/www.everlog.com\/en\/wp-json\/wp\/v2\/comments?post=17030"}],"version-history":[{"count":0,"href":"https:\/\/www.everlog.com\/en\/wp-json\/wp\/v2\/posts\/17030\/revisions"}],"wp:featuredmedia":[{"embeddable":true,"href":"https:\/\/www.everlog.com\/en\/wp-json\/wp\/v2\/media\/16838"}],"wp:attachment":[{"href":"https:\/\/www.everlog.com\/en\/wp-json\/wp\/v2\/media?parent=17030"}],"wp:term":[{"taxonomy":"category","embeddable":true,"href":"https:\/\/www.everlog.com\/en\/wp-json\/wp\/v2\/categories?post=17030"},{"taxonomy":"post_tag","embeddable":true,"href":"https:\/\/www.everlog.com\/en\/wp-json\/wp\/v2\/tags?post=17030"}],"curies":[{"name":"wp","href":"https:\/\/api.w.org\/{rel}","templated":true}]}}